{"id":2085,"global_id":"arrueiro.com\/en?id=2085","global_id_lineage":["arrueiro.com\/en?id=2085"],"author":"2","status":"publish","date":"2025-06-08 13:41:56","date_utc":"2025-06-08 11:41:56","modified":"2025-06-08 13:45:42","modified_utc":"2025-06-08 11:45:42","url":"https:\/\/arrueiro.com\/en\/evento\/taller-de-cesteria-espiral-creativa\/","rest_url":"https:\/\/arrueiro.com\/en\/wp-json\/tribe\/events\/v1\/events\/2085","title":"TALLER DE CESTER\u00cdA ESPIRAL CREATIVA","description":"<p><img fetchpriority=\"high\" decoding=\"async\" class=\"alignnone size-medium wp-image-2086\" src=\"https:\/\/arrueiro.com\/wp-content\/uploads\/45_-POST_-Experiencias-3-240x300.png\" alt=\"\" width=\"240\" height=\"300\" srcset=\"https:\/\/arrueiro.com\/wp-content\/uploads\/45_-POST_-Experiencias-3-240x300.png 240w, https:\/\/arrueiro.com\/wp-content\/uploads\/45_-POST_-Experiencias-3-819x1024.png 819w, https:\/\/arrueiro.com\/wp-content\/uploads\/45_-POST_-Experiencias-3-768x960.png 768w, https:\/\/arrueiro.com\/wp-content\/uploads\/45_-POST_-Experiencias-3.png 1080w\" sizes=\"(max-width: 240px) 100vw, 240px\" \/> <img decoding=\"async\" class=\"alignnone size-medium wp-image-2090\" src=\"https:\/\/arrueiro.com\/wp-content\/uploads\/IMG_20241116_104850-225x300.jpg\" alt=\"\" width=\"225\" height=\"300\" srcset=\"https:\/\/arrueiro.com\/wp-content\/uploads\/IMG_20241116_104850-225x300.jpg 225w, https:\/\/arrueiro.com\/wp-content\/uploads\/IMG_20241116_104850-768x1024.jpg 768w, https:\/\/arrueiro.com\/wp-content\/uploads\/IMG_20241116_104850-1152x1536.jpg 1152w, https:\/\/arrueiro.com\/wp-content\/uploads\/IMG_20241116_104850-1536x2048.jpg 1536w, https:\/\/arrueiro.com\/wp-content\/uploads\/IMG_20241116_104850-scaled.jpg 1920w\" sizes=\"(max-width: 225px) 100vw, 225px\" \/> <img decoding=\"async\" class=\"alignnone size-medium wp-image-2091\" src=\"https:\/\/arrueiro.com\/wp-content\/uploads\/IMG-20250604-WA0004-225x300.jpg\" alt=\"\" width=\"225\" height=\"300\" srcset=\"https:\/\/arrueiro.com\/wp-content\/uploads\/IMG-20250604-WA0004-225x300.jpg 225w, https:\/\/arrueiro.com\/wp-content\/uploads\/IMG-20250604-WA0004-768x1024.jpg 768w, https:\/\/arrueiro.com\/wp-content\/uploads\/IMG-20250604-WA0004-1152x1536.jpg 1152w, https:\/\/arrueiro.com\/wp-content\/uploads\/IMG-20250604-WA0004.jpg 1536w\" sizes=\"(max-width: 225px) 100vw, 225px\" \/><\/p>\n<p>&nbsp;<\/p>\n<h3><strong>\u00bfQu\u00e9 haremos?<\/strong><\/h3>\n<p><em>Un d\u00eda entero para parar y crear a otro ritmo.<\/em><\/p>\n<p>&nbsp;<\/p>\n<p><strong>11:00h<\/strong>\u00a0<strong>\u2013 Salida por el entorno.\u00a0<\/strong><\/p>\n<p>Empezaremos el d\u00eda con un paseo tranquilo por los alrededores de Arrueiro. Recogeremos elementos naturales que luego podr\u00e1s integrar en tu pieza.<\/p>\n<p>&nbsp;<\/p>\n<p><strong>14:00h<\/strong>\u00a0<strong>\u2013 Pausa para comer.<\/strong><\/p>\n<p>Puedes traer tu propia comida, compartir con el grupo o reservar mesa en nuestro restaurante y disfrutar del men\u00fa degustaci\u00f3n.<\/p>\n<p>&nbsp;<\/p>\n<p><strong>16:00h<\/strong>\u00a0<strong>\u2013 Momento de crear.<\/strong><\/p>\n<p>Nos reuniremos de nuevo para comenzar a trabajar en nuestra pieza con materiales naturales y margen para la experimentaci\u00f3n personal.<\/p>\n<p>&nbsp;<\/p>\n<p><em>*Puedes traer elementos que tengan un significado simb\u00f3lico para ti (cuentas o abalorios, alg\u00fan trozo de tela peque\u00f1o&#8230;) e integrarlos en tu creaci\u00f3n.<\/em><\/p>\n<p>&nbsp;<\/p>\n<h3><strong>\u00bfQu\u00e9 te vas a llevar?<\/strong><\/h3>\n<p>La vida es una espiral: desde el centro, avanzamos y crecemos paso a paso.\u00a0As\u00ed es tambi\u00e9n la t\u00e9cnica de cester\u00eda que trabajaremos en este taller.<\/p>\n<p>Esta experiencia no va de aprender una t\u00e9cnica o trabajar un material en si. El objetivo tampoco es hacer\u00a0una pieza perfecta.\u00a0La propuesta es\u00a0ir m\u00e1s all\u00e1 del resultado,\u00a0dejarse llevar para experimentar el proceso,\u00a0sin expectativas, y\u00a0crear desde otro lugar.<\/p>\n<p><em>Ser\u00e1 una jornada en contacto con la naturaleza, <\/em><em>de creaci\u00f3n e introspecci\u00f3n.<\/em><\/p>\n<p>&nbsp;<\/p>\n<p><a href=\"https:\/\/www.facebook.com\/cesteriavivalolatouron\/?locale=es_ES\" target=\"_blank\" rel=\"noopener\"><strong>LOLA TOUR\u00d3N <\/strong><\/a>ser\u00e1 quien nos gu\u00ede y acompa\u00f1e en este camino. Ella es cesteira artesana desde hace m\u00e1s de 20 a\u00f1os. Desde su taller en Portomar\u00edn (Lugo), trabaja con fibras naturales, colmo, mimbre, madera, papel\u2026 o cualquier material que se cruce en su camino y la inspire.<\/p>\n<p>Lola tambi\u00e9n forma parte de\u00a0la\u00a0<em><span class=\"ml-rte-link-wrapper\"><a href=\"https:\/\/asespigadoras.blogspot.com\/2025\/05\/\" data-link-id=\"156476652462802885\" target=\"_blank\" rel=\"noopener\">asociaci\u00f3n As Espigadoras<\/a><\/span><\/em>, donde imparte talleres de oficios tradicionales, plantas medicinales y permacultura. Para ella: \u201cLa cester\u00eda no es otra cosa que vegetaci\u00f3n hecha cultura material\u201d<\/p>\n<p>&nbsp;<\/p>\n<h3><strong>\u00a1Reserva tu plaza!<\/strong><\/h3>\n<p>Las plazas para este evento son limitadas, as\u00ed que si te entusiasma la idea de unirte a nosotros, no dudes en escribirnos para reservar tu lugar:<br \/>\n<strong><br \/>\nW<\/strong><strong>hatsApp:\u00a0<a href=\"tel:617749636\">617749636<\/a><\/strong><\/p>\n<p><strong><a href=\"mailto:Mail:%C2%A0info@arrueiro.com\">Mail:\u00a0info@arrueiro.com<\/a><\/strong><\/p>\n<p>&nbsp;<\/p>\n<p>Quiz\u00e1s esto tambi\u00e9n te interese:<\/p>\n<h3>\u00a1DESCUENTO EXCLUSIVO!<\/h3>\n<p>Solo para asistentes a este taller, si quieres quedarte, te ofrecemos\u00a0un\u00a0<strong>10% de descuento en el alojamiento<\/strong>\u00a0(la noche antes o despu\u00e9s del evento). Disponemos de habitaciones dobles con ba\u00f1o privado y desayuno incluido.<\/p>\n<p>Contacta directamente con nosotros en\u00a0<a href=\"mailto:info@arrueiro.com\">info@arrueiro.com<\/a>\u00a0para que podamos reservar una habitaci\u00f3n para ti y\u00a0aplicarte el descuento.<\/p>\n<p>&nbsp;<\/p>\n<p>&nbsp;<\/p>","excerpt":"","slug":"taller-de-cesteria-espiral-creativa","image":false,"all_day":false,"start_date":"2025-06-28 11:00:00","start_date_details":{"year":"2025","month":"06","day":"28","hour":"11","minutes":"00","seconds":"00"},"end_date":"2025-06-28 19:00:00","end_date_details":{"year":"2025","month":"06","day":"28","hour":"19","minutes":"00","seconds":"00"},"utc_start_date":"2025-06-28 09:00:00","utc_start_date_details":{"year":"2025","month":"06","day":"28","hour":"09","minutes":"00","seconds":"00"},"utc_end_date":"2025-06-28 17:00:00","utc_end_date_details":{"year":"2025","month":"06","day":"28","hour":"17","minutes":"00","seconds":"00"},"timezone":"Europe\/Madrid","timezone_abbr":"CEST","cost":"\u20ac65","cost_details":{"currency_symbol":"\u20ac","currency_code":"EUR","currency_position":"prefix","values":["65"]},"website":"","show_map":true,"show_map_link":true,"hide_from_listings":false,"sticky":false,"featured":false,"categories":[],"tags":[],"venue":[],"organizer":[],"custom_fields":[],"json_ld":{"@context":"http:\/\/schema.org","@type":"Event","name":"TALLER DE CESTER\u00cdA ESPIRAL CREATIVA","description":"&lt;p&gt;&nbsp; \u00bfQu\u00e9 haremos? Un d\u00eda entero para parar y crear a otro ritmo. &nbsp; 11:00h\u00a0\u2013 Salida por el entorno.\u00a0 Empezaremos el d\u00eda con un paseo tranquilo por los alrededores de [&hellip;]&lt;\/p&gt;\\n","url":"https:\/\/arrueiro.com\/en\/evento\/taller-de-cesteria-espiral-creativa\/","eventAttendanceMode":"https:\/\/schema.org\/OfflineEventAttendanceMode","eventStatus":"https:\/\/schema.org\/EventScheduled","startDate":"2025-06-28T11:00:00+02:00","endDate":"2025-06-28T19:00:00+02:00","offers":{"@type":"Offer","price":"65","priceCurrency":"EUR","url":"https:\/\/arrueiro.com\/en\/evento\/taller-de-cesteria-espiral-creativa\/","category":"primary","availability":"inStock","validFrom":"1970-01-01T00:00:00+00:00"},"performer":"Organization"}}