{"id":2304,"global_id":"arrueiro.com\/en?id=2304","global_id_lineage":["arrueiro.com\/en?id=2304"],"author":"2","status":"publish","date":"2025-12-12 18:54:49","date_utc":"2025-12-12 17:54:49","modified":"2025-12-12 19:05:58","modified_utc":"2025-12-12 18:05:58","url":"https:\/\/arrueiro.com\/en\/evento\/taller-adornos-navidenos\/","rest_url":"https:\/\/arrueiro.com\/en\/wp-json\/tribe\/events\/v1\/events\/2304","title":"TALLER ADORNOS NAVIDE\u00d1OS","description":"<p style=\"text-align: left;\"><img fetchpriority=\"high\" decoding=\"async\" class=\"size-medium wp-image-2279 alignleft\" src=\"https:\/\/arrueiro.com\/wp-content\/uploads\/45_-POST_-Experiencias--240x300.jpg\" alt=\"\" width=\"240\" height=\"300\" srcset=\"https:\/\/arrueiro.com\/wp-content\/uploads\/45_-POST_-Experiencias--240x300.jpg 240w, https:\/\/arrueiro.com\/wp-content\/uploads\/45_-POST_-Experiencias--819x1024.jpg 819w, https:\/\/arrueiro.com\/wp-content\/uploads\/45_-POST_-Experiencias--768x960.jpg 768w, https:\/\/arrueiro.com\/wp-content\/uploads\/45_-POST_-Experiencias-.jpg 1080w\" sizes=\"(max-width: 240px) 100vw, 240px\" \/><\/p>\n<p><img decoding=\"async\" class=\"size-medium wp-image-2275 alignleft\" src=\"https:\/\/arrueiro.com\/wp-content\/uploads\/IMG_20221124_140357_edit_86180065127474-225x300.jpg\" alt=\"\" width=\"225\" height=\"300\" srcset=\"https:\/\/arrueiro.com\/wp-content\/uploads\/IMG_20221124_140357_edit_86180065127474-225x300.jpg 225w, https:\/\/arrueiro.com\/wp-content\/uploads\/IMG_20221124_140357_edit_86180065127474-768x1024.jpg 768w, https:\/\/arrueiro.com\/wp-content\/uploads\/IMG_20221124_140357_edit_86180065127474-1152x1536.jpg 1152w, https:\/\/arrueiro.com\/wp-content\/uploads\/IMG_20221124_140357_edit_86180065127474-1536x2048.jpg 1536w, https:\/\/arrueiro.com\/wp-content\/uploads\/IMG_20221124_140357_edit_86180065127474-scaled.jpg 1920w\" sizes=\"(max-width: 225px) 100vw, 225px\" \/><img decoding=\"async\" class=\"wp-image-2278 size-medium alignnone\" src=\"https:\/\/arrueiro.com\/wp-content\/uploads\/IMG-20221217-WA0062-225x300.jpg\" alt=\"\" width=\"225\" height=\"300\" srcset=\"https:\/\/arrueiro.com\/wp-content\/uploads\/IMG-20221217-WA0062-225x300.jpg 225w, https:\/\/arrueiro.com\/wp-content\/uploads\/IMG-20221217-WA0062-768x1024.jpg 768w, https:\/\/arrueiro.com\/wp-content\/uploads\/IMG-20221217-WA0062-1152x1536.jpg 1152w, https:\/\/arrueiro.com\/wp-content\/uploads\/IMG-20221217-WA0062.jpg 1200w\" sizes=\"(max-width: 225px) 100vw, 225px\" \/><\/p>\n<p>&nbsp;<\/p>\n<h4><\/h4>\n<h4 style=\"text-align: center;\"><em>Un encuentro c\u00e1lido para <strong>crear<\/strong><\/em><strong><em>\u00a0con tus propias manos en un momento del a\u00f1o que invita a la introspecci\u00f3n y al recogimiento.\u00a0<\/em><\/strong><\/h4>\n<p>&nbsp;<\/p>\n<p class=\"cvGsUA direction-ltr align-center para-style-body\"><span class=\"a_GcMg font-feature-liga-off font-feature-clig-off font-feature-calt-off text-decoration-none text-strikethrough-none\">La Navidad moderna se ha convertido en luces estridentes, prisas y compromisos <\/span><span class=\"a_GcMg font-feature-liga-off font-feature-clig-off font-feature-calt-off text-decoration-none text-strikethrough-none\">que nos estresan. <\/span><span class=\"a_GcMg font-feature-liga-off font-feature-clig-off font-feature-calt-off text-decoration-none text-strikethrough-none\">Pero en las tradiciones antiguas, este era un tiempo de silencio, recogimiento y quietud. El <em>solsticio de invierno<\/em> m<\/span><span class=\"a_GcMg font-feature-liga-off font-feature-clig-off font-feature-calt-off text-decoration-none text-strikethrough-none\">arcaba la noche m\u00e1s larga del a\u00f1o, en un momento para descansar, agradecer y prepararse para un nuevo ciclo que poco a poco traer\u00eda m\u00e1s luz. Una pausa necesaria para regenerarse.<\/span><\/p>\n<p>&nbsp;<\/p>\n<p class=\"cvGsUA direction-ltr align-center para-style-body\" style=\"text-align: center;\"><em><strong><span class=\"a_GcMg font-feature-liga-off font-feature-clig-off font-feature-calt-off text-decoration-none text-strikethrough-none\">Este taller es una invitaci\u00f3n a regalarte un espacio para ti y volver a lo sencillo:<\/span><\/strong><\/em><\/p>\n<p class=\"cvGsUA direction-ltr align-center para-style-body\" style=\"text-align: center;\"><em><strong><span class=\"a_GcMg font-feature-liga-off font-feature-clig-off font-feature-calt-off text-decoration-none text-strikethrough-none\"> crear, jugar y experimentar con tus manos como cuando \u00e9ramos ni\u00f1xs. <\/span><span class=\"a_GcMg font-feature-liga-off font-feature-clig-off font-feature-calt-off text-decoration-none text-strikethrough-none\">Sin expectativas.<\/span><\/strong><\/em><\/p>\n<p>&nbsp;<\/p>\n<h3><strong>\u00bfEn qu\u00e9 consistir\u00e1?<\/strong><\/h3>\n<p>&nbsp;<\/p>\n<p><span class=\"a_GcMg font-feature-liga-off font-feature-clig-off font-feature-calt-off text-decoration-none text-strikethrough-none\">. Elaboraremos adornos de Navidad en un encuentro c\u00e1lido y acogedor, en sinton\u00eda con el ritmo m\u00e1s lento y sereno que nos pide esta \u00e9poca.<\/span><\/p>\n<p>. Utilizaremos <strong>elementos naturales<\/strong>: fibras como el algod\u00f3n o la lana, abalorios de madera y ramas que encontramos en el entorno.<\/p>\n<p>. Aprender\u00e1s algunas <strong>t\u00e9cnicas sencillas<\/strong>, pero tendr\u00e1s <strong>total libertad para explorar, combinar y crear desde tu propio ritmo y gusto personal<\/strong>.<\/p>\n<p>&nbsp;<\/p>\n<h3><strong>\u00bfPor qu\u00e9 este taller es tan especial?<\/strong><\/h3>\n<p>&nbsp;<\/p>\n<p>Porque este ser\u00e1 mi primer taller desde que puse en pausa\u00a0mi proyecto personal de artesan\u00eda textil <em>Biloba Concept<\/em> debido a la puesta en marcha de Arrueiro. Para quienes no lo conozc\u00e1is a\u00fan, pod\u00e9is visitar mi web aqu\u00ed: <a href=\"https:\/\/bilobaconcept.es\/\" target=\"_blank\" rel=\"noopener\">www.bilobaconcept.es<\/a>\u00a0 Y hablo en primera persona porque detr\u00e1s de quien escribe y quien te recibe en Arrueiro tambi\u00e9n estoy yo: <strong>Luisa<\/strong>.<\/p>\n<p>&nbsp;<\/p>\n<p>Recuperar este espacio creativo y estrenarme en Arrueiro\u00a0\u2014el lugar que tambi\u00e9n cuido\u2014 hace que este evento signifique mucho para mi.<span class=\"ml-rte-link-wrapper\"> \u00a0<\/span><\/p>\n<p>&nbsp;<\/p>\n<p>&nbsp;<\/p>\n<h3><strong>\u00a1Reserva tu plaza!<\/strong><\/h3>\n<p>Las plazas para este evento son limitadas, as\u00ed que si te entusiasma la idea de unirte a nosotros, no dudes en escribirnos para reservar tu lugar:<br \/>\n<strong><br \/>\nW<\/strong><strong>hatsApp:\u00a0<a href=\"tel:617749636\">617749636<\/a><\/strong><\/p>\n<p><strong>Mail:\u00a0<\/strong><strong><a href=\"mailto:Mail:%C2%A0info@arrueiro.com\">info@arrueiro.com<\/a><\/strong><\/p>\n<p>&nbsp;<\/p>\n<p>Quiz\u00e1s esto tambi\u00e9n te interese:<\/p>\n<h3>\u00a1DESCUENTO EXCLUSIVO!<\/h3>\n<p>Solo para asistentes a este taller, si quieres quedarte, te ofrecemos\u00a0un\u00a0<strong>10% de descuento en el alojamiento<\/strong>\u00a0(la noche antes o despu\u00e9s del evento). Disponemos de habitaciones dobles con ba\u00f1o privado y desayuno incluido.<\/p>\n<p>Contacta directamente con nosotros en\u00a0<a href=\"mailto:info@arrueiro.com\">info@arrueiro.com<\/a>\u00a0para que podamos reservar una habitaci\u00f3n para ti y\u00a0aplicarte el descuento.<\/p>","excerpt":"","slug":"taller-adornos-navidenos","image":false,"all_day":false,"start_date":"2025-12-21 17:00:00","start_date_details":{"year":"2025","month":"12","day":"21","hour":"17","minutes":"00","seconds":"00"},"end_date":"2025-12-21 20:00:00","end_date_details":{"year":"2025","month":"12","day":"21","hour":"20","minutes":"00","seconds":"00"},"utc_start_date":"2025-12-21 16:00:00","utc_start_date_details":{"year":"2025","month":"12","day":"21","hour":"16","minutes":"00","seconds":"00"},"utc_end_date":"2025-12-21 19:00:00","utc_end_date_details":{"year":"2025","month":"12","day":"21","hour":"19","minutes":"00","seconds":"00"},"timezone":"Europe\/Madrid","timezone_abbr":"CET","cost":"40\u20ac","cost_details":{"currency_symbol":"\u20ac","currency_code":"EUR","currency_position":"suffix","values":["40"]},"website":"","show_map":true,"show_map_link":true,"hide_from_listings":false,"sticky":false,"featured":false,"categories":[],"tags":[],"venue":{"id":862,"author":"4","status":"publish","date":"2024-05-23 12:27:00","date_utc":"2024-05-23 10:27:00","modified":"2024-05-23 12:27:00","modified_utc":"2024-05-23 10:27:00","url":"https:\/\/arrueiro.com\/en\/venue\/arrueiro\/","venue":"Arrueiro","slug":"arrueiro","address":"Lugar de Arrueiro s\/n Soesto 15118 Laxe","country":"Espa\u00f1a","json_ld":{"@type":"Place","name":"Arrueiro","description":"","url":"","address":{"@type":"PostalAddress","streetAddress":"Lugar de Arrueiro s\/n Soesto 15118 Laxe","addressCountry":"Espa\u00f1a"},"telephone":"","sameAs":""},"show_map":true,"show_map_link":true,"global_id":"arrueiro.com\/en?id=862","global_id_lineage":["arrueiro.com\/en?id=862"]},"organizer":[{"id":2306,"author":"2","status":"publish","date":"2025-12-12 18:54:50","date_utc":"2025-12-12 17:54:50","modified":"2025-12-12 18:54:50","modified_utc":"2025-12-12 17:54:50","url":"https:\/\/arrueiro.com\/en\/organiser\/biloba-concept\/","organizer":"Biloba Concept","slug":"biloba-concept","website":"https:\/\/bilobaconcept.es\/","json_ld":{"@type":"Person","name":"Biloba Concept","description":"","url":"https:\/\/bilobaconcept.es\/","telephone":"","email":"","sameAs":"https:\/\/bilobaconcept.es\/"},"global_id":"arrueiro.com\/en?id=2306","global_id_lineage":["arrueiro.com\/en?id=2306"]}],"custom_fields":[],"json_ld":{"@context":"http:\/\/schema.org","@type":"Event","name":"TALLER ADORNOS NAVIDE\u00d1OS","description":"&lt;p&gt;&nbsp; Un encuentro c\u00e1lido para crear\u00a0con tus propias manos en un momento del a\u00f1o que invita a la introspecci\u00f3n y al recogimiento.\u00a0 &nbsp; La Navidad moderna se ha convertido en [&hellip;]&lt;\/p&gt;\\n","url":"https:\/\/arrueiro.com\/en\/evento\/taller-adornos-navidenos\/","eventAttendanceMode":"https:\/\/schema.org\/OfflineEventAttendanceMode","eventStatus":"https:\/\/schema.org\/EventScheduled","startDate":"2025-12-21T17:00:00+01:00","endDate":"2025-12-21T20:00:00+01:00","location":{"@type":"Place","name":"Arrueiro","description":"","url":"","address":{"@type":"PostalAddress","streetAddress":"Lugar de Arrueiro s\/n Soesto 15118 Laxe","addressCountry":"Espa\u00f1a"},"telephone":"","sameAs":""},"organizer":{"@type":"Person","name":"Biloba Concept","description":"","url":"https:\/\/bilobaconcept.es\/","telephone":"","email":"","sameAs":"https:\/\/bilobaconcept.es\/"},"offers":{"@type":"Offer","price":"40","priceCurrency":"EUR","url":"https:\/\/arrueiro.com\/en\/evento\/taller-adornos-navidenos\/","category":"primary","availability":"inStock","validFrom":"1970-01-01T00:00:00+00:00"},"performer":"Organization"}}